{"id":2215,"date":"2024-06-10T09:26:22","date_gmt":"2024-06-10T07:26:22","guid":{"rendered":"https:\/\/www.mz-wittlich.de\/?p=2215"},"modified":"2024-06-10T09:32:44","modified_gmt":"2024-06-10T07:32:44","slug":"5-woche-der-medienkompetenz-vom-24-bis-30-juni-2024-in-rheinland-pfalz-jetzt-eigene-aktionen-anmelden","status":"publish","type":"post","link":"https:\/\/www.mz-wittlich.de\/?p=2215","title":{"rendered":"5. Woche der Medienkompetenz vom 24. bis 30. Juni 2024 in Rheinland-Pfalz: Jetzt eigene Aktionen anmelden"},"content":{"rendered":"\n<p>Die Woche der Medienkompetenz 2024 findet vom 24. bis 30. Juni statt. Die landesweite Aktionswoche ist eine Initiative der Medienanstalt Rheinland-Pfalz, des Ministeriums f\u00fcr Bildung Rheinland-Pfalz und des P\u00e4dagogischen Landesinstituts und wird von vielen Partnern unterst\u00fctzt.<\/p>\n\n\n\n<p>Alle Infos zur Woche der Medienkompetenz finden sich unter\u00a0<a href=\"http:\/\/www.wmk-rlp.de\/\" target=\"_blank\" rel=\"noreferrer noopener\">www.wmk-rlp.de<\/a>.\u00a0<\/p>\n","protected":false},"excerpt":{"rendered":"<p>Die Woche der Medienkompetenz 2024 findet vom 24. bis 30. Juni statt. Die landesweite Aktionswoche ist eine Initiative der Medienanstalt Rheinland-Pfalz, des Ministeriums f\u00fcr Bildung Rheinland-Pfalz und des P\u00e4dagogischen Landesinstituts und wird von vielen Partnern unterst\u00fctzt. Alle Infos zur Woche der Medienkompetenz finden sich unter\u00a0www.wmk-rlp.de.\u00a0<\/p>\n<p> <a class=\"continue-reading-link\" href=\"https:\/\/www.mz-wittlich.de\/?p=2215\"><span>Weiterlesen..<\/span><i class=\"crycon-right-dir\"><\/i><\/a> <\/p>\n","protected":false},"author":1,"featured_media":0,"comment_status":"closed","ping_status":"closed","sticky":false,"template":"","format":"standard","meta":{"footnotes":""},"categories":[15],"tags":[],"class_list":["post-2215","post","type-post","status-publish","format-standard","hentry","category-news"],"_links":{"self":[{"href":"https:\/\/www.mz-wittlich.de\/index.php?rest_route=\/wp\/v2\/posts\/2215","targetHints":{"allow":["GET"]}}],"collection":[{"href":"https:\/\/www.mz-wittlich.de\/index.php?rest_route=\/wp\/v2\/posts"}],"about":[{"href":"https:\/\/www.mz-wittlich.de\/index.php?rest_route=\/wp\/v2\/types\/post"}],"author":[{"embeddable":true,"href":"https:\/\/www.mz-wittlich.de\/index.php?rest_route=\/wp\/v2\/users\/1"}],"replies":[{"embeddable":true,"href":"https:\/\/www.mz-wittlich.de\/index.php?rest_route=%2Fwp%2Fv2%2Fcomments&post=2215"}],"version-history":[{"count":1,"href":"https:\/\/www.mz-wittlich.de\/index.php?rest_route=\/wp\/v2\/posts\/2215\/revisions"}],"predecessor-version":[{"id":2216,"href":"https:\/\/www.mz-wittlich.de\/index.php?rest_route=\/wp\/v2\/posts\/2215\/revisions\/2216"}],"wp:attachment":[{"href":"https:\/\/www.mz-wittlich.de\/index.php?rest_route=%2Fwp%2Fv2%2Fmedia&parent=2215"}],"wp:term":[{"taxonomy":"category","embeddable":true,"href":"https:\/\/www.mz-wittlich.de\/index.php?rest_route=%2Fwp%2Fv2%2Fcategories&post=2215"},{"taxonomy":"post_tag","embeddable":true,"href":"https:\/\/www.mz-wittlich.de\/index.php?rest_route=%2Fwp%2Fv2%2Ftags&post=2215"}],"curies":[{"name":"wp","href":"https:\/\/api.w.org\/{rel}","templated":true}]}}