{"id":2217,"date":"2024-06-10T09:31:38","date_gmt":"2024-06-10T07:31:38","guid":{"rendered":"https:\/\/www.mz-wittlich.de\/?p=2217"},"modified":"2024-06-11T11:50:08","modified_gmt":"2024-06-11T09:50:08","slug":"fortbildung-am-27-06-2024-die-einbindung-des-tablets-in-eine-lerntheke-kompetenzorientiertes-individuelles-und-digitales-lernen-an-stationen","status":"publish","type":"post","link":"https:\/\/www.mz-wittlich.de\/?p=2217","title":{"rendered":"Fortbildung am 27.06.2024 &#8211; Die Einbindung des Tablets in eine Lerntheke: Kompetenzorientiertes, individuelles und digitales Lernen an Stationen"},"content":{"rendered":"\n<p>Durch die Einbindung des Tablets in das Lernen an Stationen werden digitale Kompetenzen aus dem \u201eMedienkomP@ss\u201c erworben und vertieft und zugleich inhaltlich mit dem individuellen Lernen an Lerntheken verkn\u00fcpft.<br>In der Veranstaltung von Stefanie Esch und Andreas Nowak erproben Sie vor allem browserbasierte Tools und einige Apps, die sich f\u00fcr die Einbindung digitaler Lernangebote mit dem Tablet an Stationen eignen, um Inhalte offen und individuell mit dem digitalen Lernen zu verkn\u00fcpfen. Die Tools k\u00f6nnen auf unz\u00e4hlige Themen angepasst werden und sind somit vielf\u00e4ltig in vielen Themenangeboten einsetzbar.<\/p>\n\n\n\n<p>Die Fortbildung findet in der Georg-Meistermann Grundschule Wittlich am 27.06.2024 von 15:00 bis 17:00 Uhr statt. <a href=\"https:\/\/evewa.bildung-rp.de\/veranstaltungskatalog_detail?id=65273&amp;m=dbca5ecc-a3b5-11e9-8e0c-0050569784c7&amp;r=8092\" data-type=\"link\" data-id=\"https:\/\/evewa.bildung-rp.de\/veranstaltungskatalog_detail?id=65273&amp;m=dbca5ecc-a3b5-11e9-8e0c-0050569784c7&amp;r=8092\" target=\"_blank\" rel=\"noreferrer noopener\">Hier der Link zur Anmeldung.<\/a><\/p>\n","protected":false},"excerpt":{"rendered":"<p>Durch die Einbindung des Tablets in das Lernen an Stationen werden digitale Kompetenzen aus dem \u201eMedienkomP@ss\u201c erworben und vertieft und zugleich inhaltlich mit dem individuellen Lernen an Lerntheken verkn\u00fcpft.In der Veranstaltung von Stefanie Esch und Andreas Nowak erproben Sie vor allem browserbasierte Tools und einige Apps, die sich f\u00fcr die\u2026<\/p>\n<p> <a class=\"continue-reading-link\" href=\"https:\/\/www.mz-wittlich.de\/?p=2217\"><span>Weiterlesen..<\/span><i class=\"crycon-right-dir\"><\/i><\/a> <\/p>\n","protected":false},"author":1,"featured_media":0,"comment_status":"closed","ping_status":"closed","sticky":false,"template":"","format":"standard","meta":{"footnotes":""},"categories":[29,15],"tags":[],"class_list":["post-2217","post","type-post","status-publish","format-standard","hentry","category-fortbildungen","category-news"],"_links":{"self":[{"href":"https:\/\/www.mz-wittlich.de\/index.php?rest_route=\/wp\/v2\/posts\/2217","targetHints":{"allow":["GET"]}}],"collection":[{"href":"https:\/\/www.mz-wittlich.de\/index.php?rest_route=\/wp\/v2\/posts"}],"about":[{"href":"https:\/\/www.mz-wittlich.de\/index.php?rest_route=\/wp\/v2\/types\/post"}],"author":[{"embeddable":true,"href":"https:\/\/www.mz-wittlich.de\/index.php?rest_route=\/wp\/v2\/users\/1"}],"replies":[{"embeddable":true,"href":"https:\/\/www.mz-wittlich.de\/index.php?rest_route=%2Fwp%2Fv2%2Fcomments&post=2217"}],"version-history":[{"count":2,"href":"https:\/\/www.mz-wittlich.de\/index.php?rest_route=\/wp\/v2\/posts\/2217\/revisions"}],"predecessor-version":[{"id":2219,"href":"https:\/\/www.mz-wittlich.de\/index.php?rest_route=\/wp\/v2\/posts\/2217\/revisions\/2219"}],"wp:attachment":[{"href":"https:\/\/www.mz-wittlich.de\/index.php?rest_route=%2Fwp%2Fv2%2Fmedia&parent=2217"}],"wp:term":[{"taxonomy":"category","embeddable":true,"href":"https:\/\/www.mz-wittlich.de\/index.php?rest_route=%2Fwp%2Fv2%2Fcategories&post=2217"},{"taxonomy":"post_tag","embeddable":true,"href":"https:\/\/www.mz-wittlich.de\/index.php?rest_route=%2Fwp%2Fv2%2Ftags&post=2217"}],"curies":[{"name":"wp","href":"https:\/\/api.w.org\/{rel}","templated":true}]}}