{"id":2265,"date":"2024-10-31T10:02:34","date_gmt":"2024-10-31T09:02:34","guid":{"rendered":"https:\/\/www.mz-wittlich.de\/?p=2265"},"modified":"2024-10-31T10:02:34","modified_gmt":"2024-10-31T09:02:34","slug":"koordinatorinnen-und-koordinatoren-bildung-in-der-digitalen-welt-der-grundschulen-treffen-sich-im-medienzentrum-wittlich","status":"publish","type":"post","link":"https:\/\/www.mz-wittlich.de\/?p=2265","title":{"rendered":"Koordinatorinnen und Koordinatoren Bildung in der Digitalen Welt der Grundschulen treffen sich im Medienzentrum Wittlich"},"content":{"rendered":"\n<p>Am 10.10.2024 fand im Medienzentrum Bernkastel-Wittlich eine spannende Veranstaltung f\u00fcr die Koordinatorinnen und Koordinatoren Bildung in der Digitalen Welt der Grundschulen statt. Unter dem Motto \u201eUnterrichtsentwicklung im digitalen Zeitalter\u201c versammelten sich Lehrkr\u00e4fte aus verschiedenen Bildungseinrichtungen, um innovative Ans\u00e4tze und Strategien f\u00fcr den digitalen Unterricht zu diskutieren.<\/p>\n\n\n\n<figure class=\"wp-block-image size-large\"><img loading=\"lazy\" decoding=\"async\" width=\"1440\" height=\"1080\" src=\"https:\/\/www.mz-wittlich.de\/wp-content\/uploads\/2024\/10\/IMG_0995-1440x1080.jpg\" alt=\"\" class=\"wp-image-2266\" srcset=\"https:\/\/www.mz-wittlich.de\/wp-content\/uploads\/2024\/10\/IMG_0995-1440x1080.jpg 1440w, https:\/\/www.mz-wittlich.de\/wp-content\/uploads\/2024\/10\/IMG_0995-300x225.jpg 300w, https:\/\/www.mz-wittlich.de\/wp-content\/uploads\/2024\/10\/IMG_0995-768x576.jpg 768w, https:\/\/www.mz-wittlich.de\/wp-content\/uploads\/2024\/10\/IMG_0995-1536x1152.jpg 1536w, https:\/\/www.mz-wittlich.de\/wp-content\/uploads\/2024\/10\/IMG_0995-2048x1536.jpg 2048w, https:\/\/www.mz-wittlich.de\/wp-content\/uploads\/2024\/10\/IMG_0995-150x113.jpg 150w\" sizes=\"auto, (max-width: 1440px) 100vw, 1440px\" \/><\/figure>\n\n\n\n<div class=\"wp-block-media-text is-stacked-on-mobile\"><figure class=\"wp-block-media-text__media\"><img loading=\"lazy\" decoding=\"async\" width=\"1440\" height=\"1080\" src=\"https:\/\/www.mz-wittlich.de\/wp-content\/uploads\/2024\/10\/IMG_1004-1440x1080.jpg\" alt=\"\" class=\"wp-image-2267 size-full\" srcset=\"https:\/\/www.mz-wittlich.de\/wp-content\/uploads\/2024\/10\/IMG_1004-1440x1080.jpg 1440w, https:\/\/www.mz-wittlich.de\/wp-content\/uploads\/2024\/10\/IMG_1004-300x225.jpg 300w, https:\/\/www.mz-wittlich.de\/wp-content\/uploads\/2024\/10\/IMG_1004-768x576.jpg 768w, https:\/\/www.mz-wittlich.de\/wp-content\/uploads\/2024\/10\/IMG_1004-1536x1152.jpg 1536w, https:\/\/www.mz-wittlich.de\/wp-content\/uploads\/2024\/10\/IMG_1004-2048x1536.jpg 2048w, https:\/\/www.mz-wittlich.de\/wp-content\/uploads\/2024\/10\/IMG_1004-150x113.jpg 150w\" sizes=\"auto, (max-width: 1440px) 100vw, 1440px\" \/><\/figure><div class=\"wp-block-media-text__content\">\n<p>Die Veranstaltung begann mit einer inspirierenden Keynote, die die Teilnehmerinnen und Teilnehmer dazu anregte, die Chancen der Digitalisierung im Bildungsbereich zu nutzen. Anschlie\u00dfend wurde in kleineren Gruppen, praxisnahe Methoden zur Integration digitaler Medien in den Unterricht vorgestellt und besprochen. Die Teilnehmenden hatten die M\u00f6glichkeit, sich aktiv einzubringen, Erfahrungen auszutauschen und neue Ideen zu entwickeln.<\/p>\n<\/div><\/div>\n\n\n\n<div class=\"wp-block-media-text has-media-on-the-right is-stacked-on-mobile\"><div class=\"wp-block-media-text__content\">\n<p>Ein besonderes Highlight der Veranstaltung war der Austausch \u00fcber Best-Practice-Beispiele aus den Schulen der Region. Die Koordinatorinnen und Koordinatoren berichteten von ihren Erfahrungen mit digitalen Lernplattformen, interaktiven Tools und kreativen Unterrichtskonzepten. Diese Einblicke zeigten, wie vielf\u00e4ltig und erfolgreich digitale Bildung bereits umgesetzt wird.<\/p>\n<\/div><figure class=\"wp-block-media-text__media\"><img loading=\"lazy\" decoding=\"async\" width=\"1440\" height=\"1080\" src=\"https:\/\/www.mz-wittlich.de\/wp-content\/uploads\/2024\/10\/IMG_1001-1440x1080.jpg\" alt=\"\" class=\"wp-image-2268 size-full\" srcset=\"https:\/\/www.mz-wittlich.de\/wp-content\/uploads\/2024\/10\/IMG_1001-1440x1080.jpg 1440w, https:\/\/www.mz-wittlich.de\/wp-content\/uploads\/2024\/10\/IMG_1001-300x225.jpg 300w, https:\/\/www.mz-wittlich.de\/wp-content\/uploads\/2024\/10\/IMG_1001-768x576.jpg 768w, https:\/\/www.mz-wittlich.de\/wp-content\/uploads\/2024\/10\/IMG_1001-1536x1152.jpg 1536w, https:\/\/www.mz-wittlich.de\/wp-content\/uploads\/2024\/10\/IMG_1001-2048x1536.jpg 2048w, https:\/\/www.mz-wittlich.de\/wp-content\/uploads\/2024\/10\/IMG_1001-150x113.jpg 150w\" sizes=\"auto, (max-width: 1440px) 100vw, 1440px\" \/><\/figure><\/div>\n\n\n\n<p>Die Veranstaltung bot nicht nur eine Plattform f\u00fcr den Wissensaustausch, sondern f\u00f6rderte auch die Vernetzung der Lehrerinnen und Lehrer untereinander. Viele Teilnehmerinnen und Teilnehmer \u00e4u\u00dferten den Wunsch nach weiteren Treffen, um den Dialog \u00fcber die Herausforderungen und Chancen der digitalen Bildung fortzusetzen.<\/p>\n\n\n\n<figure class=\"wp-block-image size-large\"><img loading=\"lazy\" decoding=\"async\" width=\"1440\" height=\"1080\" src=\"https:\/\/www.mz-wittlich.de\/wp-content\/uploads\/2024\/10\/IMG_0997-1440x1080.jpg\" alt=\"\" class=\"wp-image-2269\" srcset=\"https:\/\/www.mz-wittlich.de\/wp-content\/uploads\/2024\/10\/IMG_0997-1440x1080.jpg 1440w, https:\/\/www.mz-wittlich.de\/wp-content\/uploads\/2024\/10\/IMG_0997-300x225.jpg 300w, https:\/\/www.mz-wittlich.de\/wp-content\/uploads\/2024\/10\/IMG_0997-768x576.jpg 768w, https:\/\/www.mz-wittlich.de\/wp-content\/uploads\/2024\/10\/IMG_0997-1536x1152.jpg 1536w, https:\/\/www.mz-wittlich.de\/wp-content\/uploads\/2024\/10\/IMG_0997-2048x1536.jpg 2048w, https:\/\/www.mz-wittlich.de\/wp-content\/uploads\/2024\/10\/IMG_0997-150x113.jpg 150w\" sizes=\"auto, (max-width: 1440px) 100vw, 1440px\" \/><\/figure>\n\n\n\n<p>Das Medienzentrum Bernkastel-Wittlich bedankt sich bei allen Beteiligten f\u00fcr ihr Engagement und freut sich jetzt schon auf die n\u00e4chste Veranstaltung, die den Austausch und die Weiterentwicklung der digitalen Bildung in unserer Region weiter voran bringen.<\/p>\n\n\n\n<p><\/p>\n","protected":false},"excerpt":{"rendered":"<p>Am 10.10.2024 fand im Medienzentrum Bernkastel-Wittlich eine spannende Veranstaltung f\u00fcr die Koordinatorinnen und Koordinatoren Bildung in der Digitalen Welt der Grundschulen statt. Unter dem Motto \u201eUnterrichtsentwicklung im digitalen Zeitalter\u201c versammelten sich Lehrkr\u00e4fte aus verschiedenen Bildungseinrichtungen, um innovative Ans\u00e4tze und Strategien f\u00fcr den digitalen Unterricht zu diskutieren. Die Veranstaltung begann mit\u2026<\/p>\n<p> <a class=\"continue-reading-link\" href=\"https:\/\/www.mz-wittlich.de\/?p=2265\"><span>Weiterlesen..<\/span><i class=\"crycon-right-dir\"><\/i><\/a> <\/p>\n","protected":false},"author":2,"featured_media":0,"comment_status":"closed","ping_status":"closed","sticky":false,"template":"","format":"standard","meta":{"footnotes":""},"categories":[15],"tags":[],"class_list":["post-2265","post","type-post","status-publish","format-standard","hentry","category-news"],"_links":{"self":[{"href":"https:\/\/www.mz-wittlich.de\/index.php?rest_route=\/wp\/v2\/posts\/2265","targetHints":{"allow":["GET"]}}],"collection":[{"href":"https:\/\/www.mz-wittlich.de\/index.php?rest_route=\/wp\/v2\/posts"}],"about":[{"href":"https:\/\/www.mz-wittlich.de\/index.php?rest_route=\/wp\/v2\/types\/post"}],"author":[{"embeddable":true,"href":"https:\/\/www.mz-wittlich.de\/index.php?rest_route=\/wp\/v2\/users\/2"}],"replies":[{"embeddable":true,"href":"https:\/\/www.mz-wittlich.de\/index.php?rest_route=%2Fwp%2Fv2%2Fcomments&post=2265"}],"version-history":[{"count":1,"href":"https:\/\/www.mz-wittlich.de\/index.php?rest_route=\/wp\/v2\/posts\/2265\/revisions"}],"predecessor-version":[{"id":2270,"href":"https:\/\/www.mz-wittlich.de\/index.php?rest_route=\/wp\/v2\/posts\/2265\/revisions\/2270"}],"wp:attachment":[{"href":"https:\/\/www.mz-wittlich.de\/index.php?rest_route=%2Fwp%2Fv2%2Fmedia&parent=2265"}],"wp:term":[{"taxonomy":"category","embeddable":true,"href":"https:\/\/www.mz-wittlich.de\/index.php?rest_route=%2Fwp%2Fv2%2Fcategories&post=2265"},{"taxonomy":"post_tag","embeddable":true,"href":"https:\/\/www.mz-wittlich.de\/index.php?rest_route=%2Fwp%2Fv2%2Ftags&post=2265"}],"curies":[{"name":"wp","href":"https:\/\/api.w.org\/{rel}","templated":true}]}}